{"id":16803,"date":"2022-01-01T08:30:04","date_gmt":"2022-01-01T08:30:04","guid":{"rendered":"https:\/\/bebartlet.com\/adrian-jofre-bosch-nuevo-presidente-de-bebartlet\/"},"modified":"2022-01-01T08:30:04","modified_gmt":"2022-01-01T08:30:04","slug":"adrian-jofre-bosch-nuevo-presidente-de-bebartlet","status":"publish","type":"post","link":"https:\/\/bebartlet.com\/pt-pt\/adrian-jofre-bosch-nuevo-presidente-de-bebartlet\/","title":{"rendered":"Adrian Jofre Bosch presidir\u00e1 beBartlet e impulsamos nuestro C\u00edrculo de Asesores"},"content":{"rendered":"\t\t<div data-elementor-type=\"wp-post\" data-elementor-id=\"16803\" class=\"elementor elementor-16803 elementor-2382\" data-elementor-post-type=\"post\">\n\t\t\t\t\t\t<section class=\"elementor-section elementor-top-section elementor-element elementor-element-1d3e1fc elementor-section-boxed elementor-section-height-default elementor-section-height-default\" data-id=\"1d3e1fc\" data-element_type=\"section\" data-e-type=\"section\">\n\t\t\t\t\t\t<div class=\"elementor-container elementor-column-gap-default\">\n\t\t\t\t\t<div class=\"aux-parallax-section elementor-column elementor-col-100 elementor-top-column elementor-element elementor-element-e14f3bb\" data-id=\"e14f3bb\" data-element_type=\"column\" data-e-type=\"column\">\n\t\t\t<div class=\"elementor-widget-wrap elementor-element-populated\">\n\t\t\t\t\t\t<div class=\"elementor-element elementor-element-6adce66 elementor-widget elementor-widget-text-editor\" data-id=\"6adce66\" data-element_type=\"widget\" data-e-type=\"widget\" data-widget_type=\"text-editor.default\">\n\t\t\t\t<div class=\"elementor-widget-container\">\n\t\t\t\t\t\t\t\t\t<p>beBartlet ha acabado 2021\u00a0consolidando su posici\u00f3n,<strong>\u00a0apoyando proyectos transformadores\u00a0en el \u00e1mbito de la\u00a0transici\u00f3n ecol\u00f3gica<\/strong>, la\u00a0<strong>ciencia\u00a0<\/strong>o la<strong>\u00a0innovaci\u00f3n,\u00a0<\/strong>y<strong>\u00a0con la ampliaci\u00f3n\u00a0<\/strong>de su\u00a0<strong>equipo<\/strong>. El gabinete de incidencia inicia una\u00a0<strong>nueva etapa para seguir destacando por su asesoramiento diferencial<\/strong>\u00a0y se prepara para el 2022 con el nombramiento de\u00a0<strong><a href=\"https:\/\/bebartlet.us4.list-manage.com\/track\/click?u=1bcbb8f3b664dd4e708ac34ee&amp;id=b45f65fd12&amp;e=1e1360e657\" target=\"_blank\" rel=\"noreferrer noopener\">Adrian Jofre Bosch<\/a><\/strong>, Socio-Fundador, como\u00a0<strong>nuevo presidente\u00a0<\/strong>ejecutivo de la compa\u00f1\u00eda.\u00a0<a href=\"https:\/\/bebartlet.us4.list-manage.com\/track\/click?u=1bcbb8f3b664dd4e708ac34ee&amp;id=661e26eb19&amp;e=1e1360e657\" target=\"_blank\" rel=\"noreferrer noopener\">El Confidencial lo explica en detalle<\/a>.\u00a0<\/p><p>beBartlet considera que\u00a0<strong>sumar al mejor talento es la mejor forma de ayudar a sus clientes.\u00a0Y para\u00a0seguir apoyando\u00a0<\/strong>a las<strong>\u00a0empresas, l\u00edderes\u00a0y\u00a0organizaciones\u00a0<\/strong>que conf\u00edan en ellos<strong>\u00a0como un gabinete de referencia<\/strong>, la compa\u00f1\u00eda inicia una nueva etapa en la que\u00a0<strong>evoluciona hacia\u00a0un modelo de\u00a0socios\u00a0profesionales implicados en el d\u00eda a d\u00eda.\u00a0\u00a0<\/strong>En este contexto, el empresario Guillem Carol, hasta ahora socio de la compa\u00f1\u00eda, deja el gabinete para centrarse en otros proyectos.\u00a0<\/p><p>En esta nueva etapa<strong>\u00a0beBartlet tambi\u00e9n se abre a sumar m\u00e1s aliados estrat\u00e9gicos.\u00a0<\/strong>Hace justo un a\u00f1o\u00a0LLYC (Llorente y Cuenca) se sum\u00f3 como socio minoritario.\u00a0En este sentido, cabe destacar\u00a0<strong>el reconocimiento\u00a0<\/strong>que ha hecho\u00a0<strong>Luisa Garc\u00eda, consejera de la compa\u00f1\u00eda\u00a0en representaci\u00f3n de la consultora,<\/strong>\u00a0a los medios de comunicaci\u00f3n, se\u00f1alando a beBartlet<strong>\u00a0como una de sus\u00a0inversiones con mayor crecimiento del 2021<\/strong>.<\/p><p>Asimismo,\u00a0<strong><a href=\"https:\/\/bebartlet.us4.list-manage.com\/track\/click?u=1bcbb8f3b664dd4e708ac34ee&amp;id=2986980f00&amp;e=1e1360e657\" target=\"_blank\" rel=\"noreferrer noopener\">Nacho Corredor<\/a><\/strong>, Socio-Fundador de beBartlet,\u00a0<strong>presidir\u00e1\u00a0el nuevo C\u00edrculo de Asesores del gabinete formado<\/strong>, entre otros, por la soci\u00f3loga\u00a0<strong><a href=\"https:\/\/bebartlet.us4.list-manage.com\/track\/click?u=1bcbb8f3b664dd4e708ac34ee&amp;id=b03e59aac5&amp;e=1e1360e657\" target=\"_blank\" rel=\"noreferrer noopener\">Cristina Monge<\/a><\/strong>,\u00a0los economistas\u00a0<a href=\"https:\/\/bebartlet.us4.list-manage.com\/track\/click?u=1bcbb8f3b664dd4e708ac34ee&amp;id=b5af37123d&amp;e=1e1360e657\" target=\"_blank\" rel=\"noreferrer noopener\"><strong>Jorge D\u00edaz Lanchas<\/strong>\u00a0<\/a>y\u00a0<strong><a href=\"https:\/\/bebartlet.us4.list-manage.com\/track\/click?u=1bcbb8f3b664dd4e708ac34ee&amp;id=13527d89c8&amp;e=1e1360e657\" target=\"_blank\" rel=\"noreferrer noopener\">Luis Moreno<\/a>,\u00a0<\/strong>la polit\u00f3loga\u00a0<strong><a href=\"https:\/\/bebartlet.us4.list-manage.com\/track\/click?u=1bcbb8f3b664dd4e708ac34ee&amp;id=6dffba9fe1&amp;e=1e1360e657\" target=\"_blank\" rel=\"noreferrer noopener\">Marta Pascal<\/a><\/strong>, o el periodista\u00a0<strong><a href=\"https:\/\/bebartlet.us4.list-manage.com\/track\/click?u=1bcbb8f3b664dd4e708ac34ee&amp;id=99fde0db09&amp;e=1e1360e657\" target=\"_blank\" rel=\"noreferrer noopener\">Javier Puig<\/a><\/strong>, expresidente de Edelman en Espa\u00f1a, y seguir\u00e1\u00a0<strong>al frente del Observatorio de Nuevos Liderazgos<\/strong>, que sumar\u00e1 m\u00e1s actividad en nuevas ciudades tras su implantaci\u00f3n en Madrid o Nueva York.\u00a0<\/p><p>beBartlet naci\u00f3\u00a0<strong>dos semanas antes del inicio de una pandemia<\/strong>. La compa\u00f1\u00eda tiene una<strong>\u00a0vocaci\u00f3n de crecimiento sostenible\u00a0<\/strong>a trav\u00e9s de\u00a0<strong>proyectos coherentes con su filosof\u00eda<\/strong>, que\u00a0<strong>aporten valor a la sociedad\u00a0<\/strong>y que generen\u00a0<strong>impacto positivo.\u00a0<\/strong>Y desde su nacimiento<strong>\u00a0ha ampliado su equipo<\/strong>,\u00a0ha\u00a0<strong>sumado nuevos socios\u00a0<\/strong>y ha<strong>\u00a0generado beneficios.\u00a0<\/strong><\/p><p>El gabinete de incidencia p\u00fablica inicia el que ser\u00e1 su tercer\u00a0a\u00f1o.\u00a0Desde el principio, ha demostrado que<strong>\u00a0hay una visi\u00f3n generacional distinta<\/strong>\u00a0en el \u00e1mbito de la incidencia p\u00fablica\u00a0tanto\u00a0<strong>por el modelo de empresa\u00a0<\/strong>que es<strong>,<\/strong>\u00a0como por la\u00a0<strong>tipolog\u00eda y calidad de los servicios<\/strong>\u00a0que ofrece. beBartlet ha\u00a0<strong>invertido la forma de trabajar dentro de las organizaciones.\u00a0<\/strong>Su gabinete es la primera y \u00fanica compa\u00f1\u00eda del sector<strong>\u00a0dirigida\u00a0por millenials,\u00a0como\u00a0<a href=\"https:\/\/bebartlet.us4.list-manage.com\/track\/click?u=1bcbb8f3b664dd4e708ac34ee&amp;id=1bdd2a7c50&amp;e=1e1360e657\" target=\"_blank\" rel=\"noreferrer noopener\">Ramon Mateo<\/a>\u00a0<\/strong>o<strong>\u00a0<a href=\"https:\/\/bebartlet.us4.list-manage.com\/track\/click?u=1bcbb8f3b664dd4e708ac34ee&amp;id=7cd4a7173e&amp;e=1e1360e657\" target=\"_blank\" rel=\"noreferrer noopener\">Alicia Ibarra<\/a>,\u00a0<\/strong>y cuenta con un\u00a0<strong>equipo de consultores<\/strong>\u00a0y un<strong>\u00a0C\u00edrculo de Asesores con una dilatada trayectoria.<\/strong><\/p>\t\t\t\t\t\t\t\t<\/div>\n\t\t\t\t<\/div>\n\t\t\t\t\t<\/div>\n\t\t<\/div>\n\t\t\t\t\t<\/div>\n\t\t<\/section>\n\t\t\t\t<\/div>\n\t\t","protected":false},"excerpt":{"rendered":"<p>beBartlet ha acabado 2021\u00a0consolidando su posici\u00f3n,\u00a0apoyando proyectos transformadores\u00a0en el \u00e1mbito de la\u00a0transici\u00f3n ecol\u00f3gica, la\u00a0ciencia\u00a0o la\u00a0innovaci\u00f3n,\u00a0y\u00a0con la ampliaci\u00f3n\u00a0de su\u00a0equipo. El gabinete de incidencia inicia una\u00a0nueva etapa para seguir destacando por su asesoramiento diferencial\u00a0y se prepara para el 2022 con el nombramiento de\u00a0Adrian Jofre Bosch, Socio-Fundador, como\u00a0nuevo presidente\u00a0ejecutivo de la compa\u00f1\u00eda.\u00a0El Confidencial lo explica en detalle. beBartlet [&hellip;]<\/p>\n","protected":false},"author":9,"featured_media":16804,"comment_status":"closed","ping_status":"open","sticky":false,"template":"","format":"standard","meta":{"footnotes":""},"categories":[1115],"tags":[],"class_list":["post-16803","post","type-post","status-publish","format-standard","has-post-thumbnail","hentry","category-bebartlet-pt"],"_links":{"self":[{"href":"https:\/\/bebartlet.com\/pt-pt\/wp-json\/wp\/v2\/posts\/16803","targetHints":{"allow":["GET"]}}],"collection":[{"href":"https:\/\/bebartlet.com\/pt-pt\/wp-json\/wp\/v2\/posts"}],"about":[{"href":"https:\/\/bebartlet.com\/pt-pt\/wp-json\/wp\/v2\/types\/post"}],"author":[{"embeddable":true,"href":"https:\/\/bebartlet.com\/pt-pt\/wp-json\/wp\/v2\/users\/9"}],"replies":[{"embeddable":true,"href":"https:\/\/bebartlet.com\/pt-pt\/wp-json\/wp\/v2\/comments?post=16803"}],"version-history":[{"count":0,"href":"https:\/\/bebartlet.com\/pt-pt\/wp-json\/wp\/v2\/posts\/16803\/revisions"}],"wp:featuredmedia":[{"embeddable":true,"href":"https:\/\/bebartlet.com\/pt-pt\/wp-json\/wp\/v2\/media\/16804"}],"wp:attachment":[{"href":"https:\/\/bebartlet.com\/pt-pt\/wp-json\/wp\/v2\/media?parent=16803"}],"wp:term":[{"taxonomy":"category","embeddable":true,"href":"https:\/\/bebartlet.com\/pt-pt\/wp-json\/wp\/v2\/categories?post=16803"},{"taxonomy":"post_tag","embeddable":true,"href":"https:\/\/bebartlet.com\/pt-pt\/wp-json\/wp\/v2\/tags?post=16803"}],"curies":[{"name":"wp","href":"https:\/\/api.w.org\/{rel}","templated":true}]}}