{"id":16807,"date":"2021-12-19T09:17:07","date_gmt":"2021-12-19T09:17:07","guid":{"rendered":"https:\/\/bebartlet.com\/adrian-jofre-presidira-bebartlet-que-relanza-su-consejo-asesor-presidido-por-nacho-corredor\/"},"modified":"2021-12-19T09:17:07","modified_gmt":"2021-12-19T09:17:07","slug":"adrian-jofre-presidira-bebartlet-que-relanza-su-consejo-asesor-presidido-por-nacho-corredor","status":"publish","type":"post","link":"https:\/\/bebartlet.com\/pt-pt\/adrian-jofre-presidira-bebartlet-que-relanza-su-consejo-asesor-presidido-por-nacho-corredor\/","title":{"rendered":"Adri\u00e1n Jofre presidir\u00e1 beBartlet, que relanza su Consejo Asesor presidido por Nacho Corredor"},"content":{"rendered":"\t\t<div data-elementor-type=\"wp-post\" data-elementor-id=\"16807\" class=\"elementor elementor-16807 elementor-679\" data-elementor-post-type=\"post\">\n\t\t\t\t\t\t<section class=\"elementor-section elementor-top-section elementor-element elementor-element-1d3e1fc elementor-section-boxed elementor-section-height-default elementor-section-height-default\" data-id=\"1d3e1fc\" data-element_type=\"section\" data-e-type=\"section\">\n\t\t\t\t\t\t<div class=\"elementor-container elementor-column-gap-default\">\n\t\t\t\t\t<div class=\"aux-parallax-section elementor-column elementor-col-100 elementor-top-column elementor-element elementor-element-e14f3bb\" data-id=\"e14f3bb\" data-element_type=\"column\" data-e-type=\"column\">\n\t\t\t<div class=\"elementor-widget-wrap elementor-element-populated\">\n\t\t\t\t\t\t<div class=\"elementor-element elementor-element-6adce66 elementor-widget elementor-widget-text-editor\" data-id=\"6adce66\" data-element_type=\"widget\" data-e-type=\"widget\" data-widget_type=\"text-editor.default\">\n\t\t\t\t<div class=\"elementor-widget-container\">\n\t\t\t\t\t\t\t\t\t<p>El gabinete de incidencia p\u00fablica beBartlet se prepara para el 2022 con el nombramiento de Adri\u00e1n Jofre Bosch, socio fundador, como nuevo presidente de la compa\u00f1\u00eda, y relanza el C\u00edrculo de Asesores del gabinete, dirigido por Nacho Corredor, quien tambi\u00e9n seguir\u00e1 al frente del Observatorio de Nuevos Liderazgos.<\/p>\t\t\t\t\t\t\t\t<\/div>\n\t\t\t\t<\/div>\n\t\t\t\t<div class=\"elementor-element elementor-element-1c087ad elementor-widget elementor-widget-aux_modern_button\" data-id=\"1c087ad\" data-element_type=\"widget\" data-e-type=\"widget\" data-widget_type=\"aux_modern_button.default\">\n\t\t\t\t<div class=\"elementor-widget-container\">\n\t\t\t\t\t    <div class=\"aux-modern-button-wrapper aux-modern-button-align-left\" >\n                    <a class=\"aux-modern-button aux-black aux-modern-button-md aux-modern-button-normal aux-modern-button-outline aux-icon-\" href=\"https:\/\/www.elconfidencial.com\/economia\/2021-12-19\/bebartlet-corredor-jofre-bosch_3344193\/\" target=\"_blank\" rel=\"noopener\">\n                <div class=\"aux-overlay\"><\/div>\n                                    <div class=\"aux-icon \">\n                                            <\/div>\n                                <div class=\"aux-text\">\n<span class=\"aux-text-before\">Ver art\u00edculo<\/span>                <\/div>\n            <\/a>\n            \n    <\/div>\n\n    \t\t\t\t<\/div>\n\t\t\t\t<\/div>\n\t\t\t\t\t<\/div>\n\t\t<\/div>\n\t\t\t\t\t<\/div>\n\t\t<\/section>\n\t\t\t\t<\/div>\n\t\t","protected":false},"excerpt":{"rendered":"<p>El gabinete de incidencia p\u00fablica beBartlet se prepara para el 2022 con el nombramiento de Adri\u00e1n Jofre Bosch, socio fundador, como nuevo presidente de la compa\u00f1\u00eda, y relanza el C\u00edrculo de Asesores del gabinete, dirigido por Nacho Corredor, quien tambi\u00e9n seguir\u00e1 al frente del Observatorio de Nuevos Liderazgos.<\/p>\n","protected":false},"author":9,"featured_media":16808,"comment_status":"closed","ping_status":"open","sticky":false,"template":"","format":"standard","meta":{"footnotes":""},"categories":[1116,1117],"tags":[],"class_list":["post-16807","post","type-post","status-publish","format-standard","has-post-thumbnail","hentry","category-el-confidencial-pt","category-imprensa-pt"],"_links":{"self":[{"href":"https:\/\/bebartlet.com\/pt-pt\/wp-json\/wp\/v2\/posts\/16807","targetHints":{"allow":["GET"]}}],"collection":[{"href":"https:\/\/bebartlet.com\/pt-pt\/wp-json\/wp\/v2\/posts"}],"about":[{"href":"https:\/\/bebartlet.com\/pt-pt\/wp-json\/wp\/v2\/types\/post"}],"author":[{"embeddable":true,"href":"https:\/\/bebartlet.com\/pt-pt\/wp-json\/wp\/v2\/users\/9"}],"replies":[{"embeddable":true,"href":"https:\/\/bebartlet.com\/pt-pt\/wp-json\/wp\/v2\/comments?post=16807"}],"version-history":[{"count":0,"href":"https:\/\/bebartlet.com\/pt-pt\/wp-json\/wp\/v2\/posts\/16807\/revisions"}],"wp:featuredmedia":[{"embeddable":true,"href":"https:\/\/bebartlet.com\/pt-pt\/wp-json\/wp\/v2\/media\/16808"}],"wp:attachment":[{"href":"https:\/\/bebartlet.com\/pt-pt\/wp-json\/wp\/v2\/media?parent=16807"}],"wp:term":[{"taxonomy":"category","embeddable":true,"href":"https:\/\/bebartlet.com\/pt-pt\/wp-json\/wp\/v2\/categories?post=16807"},{"taxonomy":"post_tag","embeddable":true,"href":"https:\/\/bebartlet.com\/pt-pt\/wp-json\/wp\/v2\/tags?post=16807"}],"curies":[{"name":"wp","href":"https:\/\/api.w.org\/{rel}","templated":true}]}}