{"id":16819,"date":"2021-10-28T10:06:00","date_gmt":"2021-10-28T10:06:00","guid":{"rendered":"https:\/\/bebartlet.com\/menos-jovenes-en-politica-que-tras-el-15-m-son-los-partidos-un-tapon-generacional\/"},"modified":"2021-10-28T10:06:00","modified_gmt":"2021-10-28T10:06:00","slug":"menos-jovenes-en-politica-que-tras-el-15-m-son-los-partidos-un-tapon-generacional","status":"publish","type":"post","link":"https:\/\/bebartlet.com\/pt-pt\/menos-jovenes-en-politica-que-tras-el-15-m-son-los-partidos-un-tapon-generacional\/","title":{"rendered":"Menos j\u00f3venes en pol\u00edtica que tras el 15-M. \u00bfSon los partidos un tap\u00f3n generacional?"},"content":{"rendered":"\t\t<div data-elementor-type=\"wp-post\" data-elementor-id=\"16819\" class=\"elementor elementor-16819 elementor-758\" data-elementor-post-type=\"post\">\n\t\t\t\t\t\t<section class=\"elementor-section elementor-top-section elementor-element elementor-element-1d3e1fc elementor-section-boxed elementor-section-height-default elementor-section-height-default\" data-id=\"1d3e1fc\" data-element_type=\"section\" data-e-type=\"section\">\n\t\t\t\t\t\t<div class=\"elementor-container elementor-column-gap-default\">\n\t\t\t\t\t<div class=\"aux-parallax-section elementor-column elementor-col-100 elementor-top-column elementor-element elementor-element-e14f3bb\" data-id=\"e14f3bb\" data-element_type=\"column\" data-e-type=\"column\">\n\t\t\t<div class=\"elementor-widget-wrap elementor-element-populated\">\n\t\t\t\t\t\t<div class=\"elementor-element elementor-element-6adce66 elementor-widget elementor-widget-text-editor\" data-id=\"6adce66\" data-element_type=\"widget\" data-e-type=\"widget\" data-widget_type=\"text-editor.default\">\n\t\t\t\t<div class=\"elementor-widget-container\">\n\t\t\t\t\t\t\t\t\t<p>El n\u00famero de j\u00f3venes con presencia en el Congreso de los Diputados es hoy inferior al que surgi\u00f3 de las elecciones de 2011. Nacho Corredor, socio-director de beBartlet, afirma c\u00f3mo la aparici\u00f3n de nuevos partidos pol\u00edticos no siempre ha ido de la mano de m\u00e1s j\u00f3venes en las instituciones.<\/p>\t\t\t\t\t\t\t\t<\/div>\n\t\t\t\t<\/div>\n\t\t\t\t<div class=\"elementor-element elementor-element-1c087ad elementor-widget elementor-widget-aux_modern_button\" data-id=\"1c087ad\" data-element_type=\"widget\" data-e-type=\"widget\" data-widget_type=\"aux_modern_button.default\">\n\t\t\t\t<div class=\"elementor-widget-container\">\n\t\t\t\t\t    <div class=\"aux-modern-button-wrapper aux-modern-button-align-left\" >\n                    <a class=\"aux-modern-button aux-black aux-modern-button-md aux-modern-button-normal aux-modern-button-outline aux-icon-\" href=\"https:\/\/www.elconfidencial.com\/espana\/2021-10-28\/jovenes-politica-tapon-generacional_3314472\/\" target=\"_blank\" rel=\"noopener\">\n                <div class=\"aux-overlay\"><\/div>\n                                    <div class=\"aux-icon \">\n                                            <\/div>\n                                <div class=\"aux-text\">\n<span class=\"aux-text-before\">Ver art\u00edculo<\/span>                <\/div>\n            <\/a>\n            \n    <\/div>\n\n    \t\t\t\t<\/div>\n\t\t\t\t<\/div>\n\t\t\t\t\t<\/div>\n\t\t<\/div>\n\t\t\t\t\t<\/div>\n\t\t<\/section>\n\t\t\t\t<\/div>\n\t\t","protected":false},"excerpt":{"rendered":"<p>El n\u00famero de j\u00f3venes con presencia en el Congreso de los Diputados es hoy inferior al que surgi\u00f3 de las elecciones de 2011. Nacho Corredor, socio-director de beBartlet, afirma c\u00f3mo la aparici\u00f3n de nuevos partidos pol\u00edticos no siempre ha ido de la mano de m\u00e1s j\u00f3venes en las instituciones. <\/p>\n","protected":false},"author":9,"featured_media":16820,"comment_status":"closed","ping_status":"open","sticky":false,"template":"","format":"standard","meta":{"footnotes":""},"categories":[1116,1117],"tags":[],"class_list":["post-16819","post","type-post","status-publish","format-standard","has-post-thumbnail","hentry","category-el-confidencial-pt","category-imprensa-pt"],"_links":{"self":[{"href":"https:\/\/bebartlet.com\/pt-pt\/wp-json\/wp\/v2\/posts\/16819","targetHints":{"allow":["GET"]}}],"collection":[{"href":"https:\/\/bebartlet.com\/pt-pt\/wp-json\/wp\/v2\/posts"}],"about":[{"href":"https:\/\/bebartlet.com\/pt-pt\/wp-json\/wp\/v2\/types\/post"}],"author":[{"embeddable":true,"href":"https:\/\/bebartlet.com\/pt-pt\/wp-json\/wp\/v2\/users\/9"}],"replies":[{"embeddable":true,"href":"https:\/\/bebartlet.com\/pt-pt\/wp-json\/wp\/v2\/comments?post=16819"}],"version-history":[{"count":0,"href":"https:\/\/bebartlet.com\/pt-pt\/wp-json\/wp\/v2\/posts\/16819\/revisions"}],"wp:featuredmedia":[{"embeddable":true,"href":"https:\/\/bebartlet.com\/pt-pt\/wp-json\/wp\/v2\/media\/16820"}],"wp:attachment":[{"href":"https:\/\/bebartlet.com\/pt-pt\/wp-json\/wp\/v2\/media?parent=16819"}],"wp:term":[{"taxonomy":"category","embeddable":true,"href":"https:\/\/bebartlet.com\/pt-pt\/wp-json\/wp\/v2\/categories?post=16819"},{"taxonomy":"post_tag","embeddable":true,"href":"https:\/\/bebartlet.com\/pt-pt\/wp-json\/wp\/v2\/tags?post=16819"}],"curies":[{"name":"wp","href":"https:\/\/api.w.org\/{rel}","templated":true}]}}