{"id":16837,"date":"2020-05-26T10:11:38","date_gmt":"2020-05-26T10:11:38","guid":{"rendered":"https:\/\/bebartlet.com\/begona-villacis-collboni-bebartlet-modelo-ciudad\/"},"modified":"2020-05-26T10:11:38","modified_gmt":"2020-05-26T10:11:38","slug":"begona-villacis-collboni-bebartlet-modelo-ciudad","status":"publish","type":"post","link":"https:\/\/bebartlet.com\/pt-pt\/begona-villacis-collboni-bebartlet-modelo-ciudad\/","title":{"rendered":"Bego\u00f1a Villac\u00eds y Jaume Collboni debaten en beBartlet sobre la alianza entre Madrid y Barcelona"},"content":{"rendered":"<p><strong>beBartlet<\/strong>\u00a0ha organizado el di\u00e1logo\u00a0<a href=\"https:\/\/www.youtube.com\/watch?v=JbhwhV3J_sQ\" target=\"_blank\" rel=\"noopener\"><strong><em>Madrid y Barcelona: ciudades hermanas<\/em><\/strong><\/a><strong><em>\u00a0<\/em><\/strong>entre Bego\u00f1a Villac\u00eds (Vicealcaldesa de Madrid) y Jaume Collboni (Primer Teniente de Alcalde de Barcelona). Un intercambio de visiones y experiencias entre dos de los principales representantes de dos de las capitales m\u00e1s importantes de Europa.<\/p>\n<p><strong>Los Ayuntamientos son las instituciones m\u00e1s valoradas por los espa\u00f1oles en esta crisis<\/strong>. Y, sin embargo, no tienen mucho protagonismo en la agenda pol\u00edtica y medi\u00e1tica. \u00bfPor qu\u00e9?\u00a0<strong>Solo en Madrid y Barcelona viven m\u00e1s de 5 millones de ciudadanos<\/strong>. Y en sus \u00e1reas metropolitanas, el doble. Son el motor econ\u00f3mico de Espa\u00f1a, acogen una importante actividad empresarial y representan a casi una cuarta parte de la poblaci\u00f3n de nuestro pa\u00eds. En beBartlet creemos que las ciudades y sus \u00e1reas metropolitanas tienen un\u00a0<strong>papel fundamental en el debate p\u00fablico<\/strong>\u00a0ahora, y todav\u00eda m\u00e1s en el mundo que est\u00e1 por llegar.<\/p>\n<p><a href=\"https:\/\/www.youtube.com\/watch?v=JbhwhV3J_sQ&amp;t=1559s\" target=\"_blank\" rel=\"noopener\">https:\/\/www.youtube.com\/watch?v=JbhwhV3J_sQ&amp;t=1559s<\/a><\/p>\n","protected":false},"excerpt":{"rendered":"<p>beBartlet ha organizado el di\u00e1logo Madrid y Barcelona: ciudades hermanas entre Bego\u00f1a Villac\u00eds (Vicealcaldesa de Madrid) y Jaume Collboni (Primer Teniente de Alcalde de Barcelona).<\/p>\n","protected":false},"author":9,"featured_media":16839,"comment_status":"closed","ping_status":"open","sticky":false,"template":"","format":"standard","meta":{"footnotes":""},"categories":[1115],"tags":[],"class_list":["post-16837","post","type-post","status-publish","format-standard","has-post-thumbnail","hentry","category-bebartlet-pt"],"_links":{"self":[{"href":"https:\/\/bebartlet.com\/pt-pt\/wp-json\/wp\/v2\/posts\/16837","targetHints":{"allow":["GET"]}}],"collection":[{"href":"https:\/\/bebartlet.com\/pt-pt\/wp-json\/wp\/v2\/posts"}],"about":[{"href":"https:\/\/bebartlet.com\/pt-pt\/wp-json\/wp\/v2\/types\/post"}],"author":[{"embeddable":true,"href":"https:\/\/bebartlet.com\/pt-pt\/wp-json\/wp\/v2\/users\/9"}],"replies":[{"embeddable":true,"href":"https:\/\/bebartlet.com\/pt-pt\/wp-json\/wp\/v2\/comments?post=16837"}],"version-history":[{"count":0,"href":"https:\/\/bebartlet.com\/pt-pt\/wp-json\/wp\/v2\/posts\/16837\/revisions"}],"wp:featuredmedia":[{"embeddable":true,"href":"https:\/\/bebartlet.com\/pt-pt\/wp-json\/wp\/v2\/media\/16839"}],"wp:attachment":[{"href":"https:\/\/bebartlet.com\/pt-pt\/wp-json\/wp\/v2\/media?parent=16837"}],"wp:term":[{"taxonomy":"category","embeddable":true,"href":"https:\/\/bebartlet.com\/pt-pt\/wp-json\/wp\/v2\/categories?post=16837"},{"taxonomy":"post_tag","embeddable":true,"href":"https:\/\/bebartlet.com\/pt-pt\/wp-json\/wp\/v2\/tags?post=16837"}],"curies":[{"name":"wp","href":"https:\/\/api.w.org\/{rel}","templated":true}]}}