{"id":6433,"date":"2023-05-15T00:01:34","date_gmt":"2023-05-14T22:01:34","guid":{"rendered":"https:\/\/bebartlet.com\/?p=6433"},"modified":"2023-05-16T06:00:14","modified_gmt":"2023-05-16T04:00:14","slug":"segundo-informe-unidad-electoral","status":"publish","type":"post","link":"https:\/\/bebartlet.com\/pt-pt\/segundo-informe-unidad-electoral\/","title":{"rendered":"Las claves para entender (mejor) las elecciones del 28M"},"content":{"rendered":"<p>Puedes <a href=\"https:\/\/bebartlet.com\/wp-content\/uploads\/2023\/05\/Las-claves-para-entender-mejor-las-elecciones-del-28Mby-beBartlet.pdf\"><strong>DESCARGAR AQU\u00cd <\/strong><\/a>el <strong>segundo informe <\/strong>de la<strong> Unidad Electoral <\/strong>de <strong>beBartlet. \u00a0<\/strong>Te contamos (de nuevo) las principales claves para entender (mejor) las elecciones del pr\u00f3ximo 28 de mayo: hay <strong>m\u00e1s de 7 millones de espa\u00f1oles que todav\u00eda no saben qu\u00e9 votar<\/strong>. Mientras, todas las <strong>miradas se centran en Madrid, Valencia, Barcelona o Sevilla<\/strong>. <strong>Analizamos m\u00e1s all\u00e1 de lo obvio<\/strong>.<\/p>\n","protected":false},"excerpt":{"rendered":"<p>Puedes DESCARGAR AQU\u00cd el segundo informe de la Unidad Electoral de beBartlet. \u00a0Te contamos (de nuevo) las principales claves para entender (mejor) las elecciones del pr\u00f3ximo 28 de mayo: hay m\u00e1s de 7 millones de espa\u00f1oles que todav\u00eda no saben qu\u00e9 votar. Mientras, todas las miradas se centran en Madrid, Valencia, Barcelona o Sevilla. Analizamos [&hellip;]<\/p>\n","protected":false},"author":5,"featured_media":6460,"comment_status":"closed","ping_status":"open","sticky":false,"template":"","format":"standard","meta":{"footnotes":""},"categories":[13],"tags":[150,53,146,151,55,145,58,147,149],"class_list":["post-6433","post","type-post","status-publish","format-standard","has-post-thumbnail","hentry","category-bebartlet","tag-28m","tag-bebartlet","tag-carina-mejias","tag-elecciones-28-de-mayo","tag-incidencia-publica","tag-marta-pascal","tag-nacho-corredor","tag-oriol-bartomeus","tag-ramon-mateo"],"_links":{"self":[{"href":"https:\/\/bebartlet.com\/pt-pt\/wp-json\/wp\/v2\/posts\/6433","targetHints":{"allow":["GET"]}}],"collection":[{"href":"https:\/\/bebartlet.com\/pt-pt\/wp-json\/wp\/v2\/posts"}],"about":[{"href":"https:\/\/bebartlet.com\/pt-pt\/wp-json\/wp\/v2\/types\/post"}],"author":[{"embeddable":true,"href":"https:\/\/bebartlet.com\/pt-pt\/wp-json\/wp\/v2\/users\/5"}],"replies":[{"embeddable":true,"href":"https:\/\/bebartlet.com\/pt-pt\/wp-json\/wp\/v2\/comments?post=6433"}],"version-history":[{"count":10,"href":"https:\/\/bebartlet.com\/pt-pt\/wp-json\/wp\/v2\/posts\/6433\/revisions"}],"predecessor-version":[{"id":6459,"href":"https:\/\/bebartlet.com\/pt-pt\/wp-json\/wp\/v2\/posts\/6433\/revisions\/6459"}],"wp:featuredmedia":[{"embeddable":true,"href":"https:\/\/bebartlet.com\/pt-pt\/wp-json\/wp\/v2\/media\/6460"}],"wp:attachment":[{"href":"https:\/\/bebartlet.com\/pt-pt\/wp-json\/wp\/v2\/media?parent=6433"}],"wp:term":[{"taxonomy":"category","embeddable":true,"href":"https:\/\/bebartlet.com\/pt-pt\/wp-json\/wp\/v2\/categories?post=6433"},{"taxonomy":"post_tag","embeddable":true,"href":"https:\/\/bebartlet.com\/pt-pt\/wp-json\/wp\/v2\/tags?post=6433"}],"curies":[{"name":"wp","href":"https:\/\/api.w.org\/{rel}","templated":true}]}}