{"id":8428,"date":"2023-10-21T10:42:25","date_gmt":"2023-10-21T08:42:25","guid":{"rendered":"https:\/\/bebartlet.com\/?p=8428"},"modified":"2023-10-23T21:09:30","modified_gmt":"2023-10-23T19:09:30","slug":"politicos-empresarios-y-academicos-definen-las-prioridades-en-materia-de-transicion-ecologica-para-la-proxima-decada","status":"publish","type":"post","link":"https:\/\/bebartlet.com\/pt-pt\/politicos-empresarios-y-academicos-definen-las-prioridades-en-materia-de-transicion-ecologica-para-la-proxima-decada\/","title":{"rendered":"Pol\u00edticos y expertos definen las prioridades para la legislatura en Transici\u00f3n Ecol\u00f3gica"},"content":{"rendered":"\t\t<div data-elementor-type=\"wp-post\" data-elementor-id=\"8428\" class=\"elementor elementor-8428\" data-elementor-post-type=\"post\">\n\t\t\t\t\t\t<section class=\"elementor-section elementor-top-section elementor-element elementor-element-6570f97e elementor-section-boxed elementor-section-height-default elementor-section-height-default\" data-id=\"6570f97e\" data-element_type=\"section\" data-e-type=\"section\">\n\t\t\t\t\t\t<div class=\"elementor-container elementor-column-gap-default\">\n\t\t\t\t\t<div class=\"aux-parallax-section elementor-column elementor-col-100 elementor-top-column elementor-element elementor-element-7adfa4bd\" data-id=\"7adfa4bd\" data-element_type=\"column\" data-e-type=\"column\">\n\t\t\t<div class=\"elementor-widget-wrap elementor-element-populated\">\n\t\t\t\t\t\t<div class=\"elementor-element elementor-element-6b9d6160 elementor-widget elementor-widget-text-editor\" data-id=\"6b9d6160\" data-element_type=\"widget\" data-e-type=\"widget\" data-widget_type=\"text-editor.default\">\n\t\t\t\t<div class=\"elementor-widget-container\">\n\t\t\t\t\t\t\t\t\t<p><strong>Las legislaturas arrancan<\/strong>, Ayuntamientos y Comunidades Aut\u00f3nomas han empezado un tiempo nuevo, Espa\u00f1a preside el Consejo de la UE y en unos meses empieza una nueva legislatura en Europa.&nbsp;<\/p>\n<p><strong>En la \u00faltima sesi\u00f3n<\/strong> de la <strong>Misi\u00f3n Transici\u00f3n Ecol\u00f3gica<\/strong>, que impulsamos con el apoyo de la<strong> European Climate Foundation<\/strong>, pol\u00edticos, empresarios y expertos <strong>definimos juntos las prioridades<\/strong> para esta nueva etapa.<\/p>\n<p><strong>Raquel Paule Mart\u00edn<\/strong> (Directora General <strong>Fundaci\u00f3n Renovables<\/strong>) asegura que &#8220;la d\u00e9cada de <strong>2020 a 2030 es la d\u00e9cada en la que nos jugamos todo<\/strong>. O hacemos un <strong>cambio dr\u00e1stico y un punto de inflexi\u00f3n<\/strong> en la manera que consumimos energ\u00eda y todos nuestros activos o no conseguiremos adaptarnos a las d\u00e9cadas de los 40 y los 50.<\/p>\n<p>Por su parte,&nbsp;<strong>Juan Lobato<\/strong> (<strong>Secretario General del PSOE de Madrid<\/strong>): \u201cArranque de legislatura, donde empiezan de verdad los proyectos. <strong>Vamos a ser capaces de juntarnos, de hablar, de entendernos<\/strong> y de poner encima de la mesa propuestas concretas, caminos que todos compartamos para ser eficaces y <strong>generar calidad de vida a la gente<\/strong>, buenos trabajos, buenos sueldos y una sostenibilidad ambiental que nos permita vivir como merecemos&#8221;.<\/p>\n<p>Tambi\u00e9n estuvo presente<strong> Eugeni Villalb\u00ed Godes<\/strong> (<strong>Portavoz de ERC en la comisi\u00f3n de Acci\u00f3 Clim\u00e0tica<\/strong> en el Parlament de Catalunya) quien afirmaba que <strong>&#8220;la transici\u00f3n energ\u00e9tica es clave para la lucha contra el cambio clim\u00e1tico<\/strong> y descarbonizar el pa\u00eds, pero es muy importante c\u00f3mo lo hacemos. Se tiene que hacer <strong>respetando la biodiversidad<\/strong>, <strong>buscando un equilibrio territorial de estas energ\u00edas<\/strong> y, sobre todo, <strong>con el objetivo de no dejar a nadie atr\u00e1s<\/strong> incorporando esta perspectiva social&#8221;.<\/p>\n<p>Igualmente, <strong>Ignacio Dancausa<\/strong> (presidente de <strong>Nuevas Generaciones del Partido Popular<\/strong>&nbsp;de Madrid) destacaba que &#8220;en las l\u00edneas generales, <strong>estamos de acuerdo en much\u00edsimos puntos<\/strong> y <strong>luego diferimos en la letra peque\u00f1a<\/strong> y en acciones concretas. Pero en los objetivos y en los puntos generales coincidimos la gran mayor\u00eda y sobre eso debemos trabajar\u201d.<\/p>\n<p>Por \u00faltimo,<strong> Alejandro Labanda<\/strong> (<strong>Director de Transici\u00f3n ecol\u00f3gica de beBartlet<\/strong>) &#8220;En esta sesi\u00f3n <strong>hemos logrado que<\/strong>, partidos pol\u00edticos de distinto signo, <strong>lleguen a acuerdos con sociedad civil y empresas<\/strong> sobre las pol\u00edticas ambiciosas de cambio clim\u00e1tico a implantar en la pr\u00f3xima d\u00e9cada&#8221;.<\/p>\n<p><b>Misi\u00f3n beBartlet es el espacio para la transformaci\u00f3n social y la innovaci\u00f3n en pol\u00edticas p\u00fablicas<\/b> de beBartlet.<\/p>\t\t\t\t\t\t\t\t<\/div>\n\t\t\t\t<\/div>\n\t\t\t\t\t<\/div>\n\t\t<\/div>\n\t\t\t\t\t<\/div>\n\t\t<\/section>\n\t\t\t\t<section class=\"elementor-section elementor-top-section elementor-element elementor-element-178eb5c elementor-section-boxed elementor-section-height-default elementor-section-height-default\" data-id=\"178eb5c\" data-element_type=\"section\" data-e-type=\"section\">\n\t\t\t\t\t\t<div class=\"elementor-container elementor-column-gap-default\">\n\t\t\t\t\t<div class=\"aux-parallax-section elementor-column elementor-col-100 elementor-top-column elementor-element elementor-element-a6b2520\" data-id=\"a6b2520\" data-element_type=\"column\" data-e-type=\"column\">\n\t\t\t<div class=\"elementor-widget-wrap elementor-element-populated\">\n\t\t\t\t\t\t<div class=\"elementor-element elementor-element-0b7cbb7 elementor-widget elementor-widget-video\" data-id=\"0b7cbb7\" data-element_type=\"widget\" data-e-type=\"widget\" data-settings=\"{&quot;youtube_url&quot;:&quot;https:\\\/\\\/www.youtube.com\\\/watch?v=MoyuNvFm100&quot;,&quot;video_type&quot;:&quot;youtube&quot;,&quot;controls&quot;:&quot;yes&quot;}\" data-widget_type=\"video.default\">\n\t\t\t\t<div class=\"elementor-widget-container\">\n\t\t\t\t\t\t\t<div class=\"elementor-wrapper elementor-open-inline\">\n\t\t\t<div class=\"elementor-video\"><\/div>\t\t<\/div>\n\t\t\t\t\t\t<\/div>\n\t\t\t\t<\/div>\n\t\t\t\t\t<\/div>\n\t\t<\/div>\n\t\t\t\t\t<\/div>\n\t\t<\/section>\n\t\t\t\t<\/div>\n\t\t","protected":false},"excerpt":{"rendered":"<p>Las legislaturas arrancan, Ayuntamientos y Comunidades Aut\u00f3nomas han empezado un tiempo nuevo, Espa\u00f1a preside el Consejo de la UE y en unos meses empieza una nueva legislatura en Europa. En la \u00faltima sesi\u00f3n de la Misi\u00f3n Transici\u00f3n Ecol\u00f3gica, que impulsamos con el apoyo de la European Climate Foundation, pol\u00edticos, empresarios y expertos definimos juntos las [&hellip;]<\/p>\n","protected":false},"author":8,"featured_media":8443,"comment_status":"closed","ping_status":"open","sticky":false,"template":"","format":"standard","meta":{"footnotes":""},"categories":[35,13],"tags":[299,292,298,301,291,300],"class_list":["post-8428","post","type-post","status-publish","format-standard","has-post-thumbnail","hentry","category-misionbebartlet","category-bebartlet","tag-ecologia","tag-economia","tag-misiones","tag-politicos","tag-transicion-ecologica","tag-transicion-energetica"],"_links":{"self":[{"href":"https:\/\/bebartlet.com\/pt-pt\/wp-json\/wp\/v2\/posts\/8428","targetHints":{"allow":["GET"]}}],"collection":[{"href":"https:\/\/bebartlet.com\/pt-pt\/wp-json\/wp\/v2\/posts"}],"about":[{"href":"https:\/\/bebartlet.com\/pt-pt\/wp-json\/wp\/v2\/types\/post"}],"author":[{"embeddable":true,"href":"https:\/\/bebartlet.com\/pt-pt\/wp-json\/wp\/v2\/users\/8"}],"replies":[{"embeddable":true,"href":"https:\/\/bebartlet.com\/pt-pt\/wp-json\/wp\/v2\/comments?post=8428"}],"version-history":[{"count":12,"href":"https:\/\/bebartlet.com\/pt-pt\/wp-json\/wp\/v2\/posts\/8428\/revisions"}],"predecessor-version":[{"id":8448,"href":"https:\/\/bebartlet.com\/pt-pt\/wp-json\/wp\/v2\/posts\/8428\/revisions\/8448"}],"wp:featuredmedia":[{"embeddable":true,"href":"https:\/\/bebartlet.com\/pt-pt\/wp-json\/wp\/v2\/media\/8443"}],"wp:attachment":[{"href":"https:\/\/bebartlet.com\/pt-pt\/wp-json\/wp\/v2\/media?parent=8428"}],"wp:term":[{"taxonomy":"category","embeddable":true,"href":"https:\/\/bebartlet.com\/pt-pt\/wp-json\/wp\/v2\/categories?post=8428"},{"taxonomy":"post_tag","embeddable":true,"href":"https:\/\/bebartlet.com\/pt-pt\/wp-json\/wp\/v2\/tags?post=8428"}],"curies":[{"name":"wp","href":"https:\/\/api.w.org\/{rel}","templated":true}]}}